{"id":1266,"date":"2025-12-28T12:03:49","date_gmt":"2025-12-28T11:03:49","guid":{"rendered":"https:\/\/genusstour50plus.de\/?p=1266"},"modified":"2025-12-28T12:03:49","modified_gmt":"2025-12-28T11:03:49","slug":"zwischen-den-jahren-zeit-fuer-fazit-und-ausblick","status":"publish","type":"post","link":"https:\/\/genusstour50plus.de\/?p=1266","title":{"rendered":"Zwischen den Jahren &#8211; Zeit f\u00fcr Fazit und Ausblick"},"content":{"rendered":"\n<p>Erst einmal: Danke an Alle, die sich die Zeit nehmen und mich auf meinen Wegen begleiten. Vielleicht findet der ein oder die andere ja eine Idee, eine Inspiration f\u00fcr Touren, St\u00e4dte und Besuche in L\u00e4ndern, die sonst nicht so im Fokus stehen.<\/p>\n\n\n\n<p>Ganz vielen Dank auch an Julia. Meine Kollegin und Freundin, die meine kreative Kommasetzung im Griff beh\u00e4lt und meine oft in einem Fluss entstehenden S\u00e4tze etwas entwirrt. Danke auch an meinen Mann, der mich und mein Hummelvolk mannhaft ertr\u00e4gt und mich auch noch, wie gestern, irgendwo hinf\u00e4hrt oder abholt, wenn die \u00f6ffentlichen Verkehrsmittel mal wieder unzuverl\u00e4ssig sind. <\/p>\n\n\n\n<div class=\"wp-block-columns is-layout-flex wp-container-core-columns-is-layout-9d6595d7 wp-block-columns-is-layout-flex\">\n<div class=\"wp-block-column is-layout-flow wp-block-column-is-layout-flow\">\n<figure class=\"wp-block-image size-large\"><img loading=\"lazy\" decoding=\"async\" width=\"683\" height=\"1024\" src=\"https:\/\/genusstour50plus.de\/wp-content\/uploads\/2025\/12\/Wilder-Kaiser-683x1024.jpg\" alt=\"\" class=\"wp-image-1267\" srcset=\"https:\/\/genusstour50plus.de\/wp-content\/uploads\/2025\/12\/Wilder-Kaiser-683x1024.jpg 683w, https:\/\/genusstour50plus.de\/wp-content\/uploads\/2025\/12\/Wilder-Kaiser-200x300.jpg 200w, https:\/\/genusstour50plus.de\/wp-content\/uploads\/2025\/12\/Wilder-Kaiser-300x450.jpg 300w, https:\/\/genusstour50plus.de\/wp-content\/uploads\/2025\/12\/Wilder-Kaiser-rotated.jpg 700w\" sizes=\"auto, (max-width: 683px) 100vw, 683px\" \/><\/figure>\n<\/div>\n\n\n\n<div class=\"wp-block-column is-layout-flow wp-block-column-is-layout-flow\">\n<p>Was mich zum Fazit bringt: Nicht jede Tour findet ihren Weg hierher um dar\u00fcber zu berichten. Zum einen, weil sie langweilig, voller Schwierigkeiten war oder wie die Tour bei der dieses Bild entstanden ist, zu kommerziell und darin wenig \u00fcberzeugend. Auch wenn die Gegend schon sch\u00f6n ist (kleine Untertreibung).<\/p>\n\n\n\n<p><\/p>\n<\/div>\n<\/div>\n\n\n\n<div class=\"wp-block-columns is-layout-flex wp-container-core-columns-is-layout-9d6595d7 wp-block-columns-is-layout-flex\">\n<div class=\"wp-block-column is-layout-flow wp-block-column-is-layout-flow\">\n<p>Der Oman in diesem Jahr, war ein absolutes Highlight. Der zweite Bericht folgt in der n\u00e4chsten Woche. Da werdet ihr feststellen, ich bin ein echter W\u00fcstenfreak. Ich war schon mehrfach in der Sahara bzw. in den W\u00fcsten der arabischen Halbinsel. Egal ob Sand- oder Steinw\u00fcste &#8211; ich liebe die Stille dort. <\/p>\n\n\n\n<p>Und wir werden definitiv nochmal dorthin fahren, nicht im n\u00e4chsten Jahr, aber wann anders. <\/p>\n<\/div>\n\n\n\n<div class=\"wp-block-column is-layout-flow wp-block-column-is-layout-flow\">\n<figure class=\"wp-block-image size-large\"><img loading=\"lazy\" decoding=\"async\" width=\"683\" height=\"1024\" src=\"https:\/\/genusstour50plus.de\/wp-content\/uploads\/2025\/12\/Spuren-im-Sand-683x1024.jpg\" alt=\"\" class=\"wp-image-1268\" srcset=\"https:\/\/genusstour50plus.de\/wp-content\/uploads\/2025\/12\/Spuren-im-Sand-683x1024.jpg 683w, https:\/\/genusstour50plus.de\/wp-content\/uploads\/2025\/12\/Spuren-im-Sand-200x300.jpg 200w, https:\/\/genusstour50plus.de\/wp-content\/uploads\/2025\/12\/Spuren-im-Sand-300x450.jpg 300w, https:\/\/genusstour50plus.de\/wp-content\/uploads\/2025\/12\/Spuren-im-Sand-rotated.jpg 700w\" sizes=\"auto, (max-width: 683px) 100vw, 683px\" \/><\/figure>\n<\/div>\n<\/div>\n\n\n\n<div class=\"wp-block-columns is-layout-flex wp-container-core-columns-is-layout-9d6595d7 wp-block-columns-is-layout-flex\">\n<div class=\"wp-block-column is-layout-flow wp-block-column-is-layout-flow\"><\/div>\n<\/div>\n\n\n\n<div class=\"wp-block-columns is-layout-flex wp-container-core-columns-is-layout-9d6595d7 wp-block-columns-is-layout-flex\">\n<div class=\"wp-block-column is-layout-flow wp-block-column-is-layout-flow\">\n<figure class=\"wp-block-image size-full\"><img loading=\"lazy\" decoding=\"async\" width=\"700\" height=\"933\" src=\"https:\/\/genusstour50plus.de\/wp-content\/uploads\/2025\/12\/italienisches-Mittagessen-rotated.jpg\" alt=\"\" class=\"wp-image-1269\" srcset=\"https:\/\/genusstour50plus.de\/wp-content\/uploads\/2025\/12\/italienisches-Mittagessen-rotated.jpg 700w, https:\/\/genusstour50plus.de\/wp-content\/uploads\/2025\/12\/italienisches-Mittagessen-225x300.jpg 225w, https:\/\/genusstour50plus.de\/wp-content\/uploads\/2025\/12\/italienisches-Mittagessen-300x400.jpg 300w\" sizes=\"auto, (max-width: 700px) 100vw, 700px\" \/><\/figure>\n<\/div>\n\n\n\n<div class=\"wp-block-column is-layout-flow wp-block-column-is-layout-flow\">\n<p>Bei den St\u00e4dten dieses Jahr war Venedig eine \u00dcberraschung. Abgesehen von den touristischen Highlights, die absolut sehenswert und im Februar auch noch nicht so \u00fcberlaufen sind, haben mich die stillen Ecken \u00fcberzeugt und &#8230;  das Essen. Ich habe nicht eine Pizza gegessen in meinen 10 (zehn f\u00fcr Julia :)) Tagen dort, aber echte italienische K\u00fcche genossen. In den &#8222;stillen&#8220; Stadtteilen auch nicht \u00fcberteuert in kleinen, zum Teil feinen, L\u00e4den. Und zu Mittag schon Aperol, irgendwie nichts Ungew\u00f6hnliches hier. Kleiner Spoiler: I will do it again. <\/p>\n<\/div>\n<\/div>\n\n\n\n<div class=\"wp-block-columns is-layout-flex wp-container-core-columns-is-layout-9d6595d7 wp-block-columns-is-layout-flex\">\n<div class=\"wp-block-column is-layout-flow wp-block-column-is-layout-flow\"><\/div>\n\n\n\n<div class=\"wp-block-column is-layout-flow wp-block-column-is-layout-flow\"><\/div>\n<\/div>\n\n\n\n<div class=\"wp-block-columns is-layout-flex wp-container-core-columns-is-layout-9d6595d7 wp-block-columns-is-layout-flex\">\n<div class=\"wp-block-column is-layout-flow wp-block-column-is-layout-flow\">\n<p>Bei den Kurzstreckenwanderung, etwas was ich auch im n\u00e4chsten Jahr verfolgen werde, hat mich besonders der Klostersteig im Rheingau erwischt. Nicht nur weil ich in Begleitung von Monika ( <a href=\"https:\/\/yoga-piazza.de\/\">www.yoga-piazza.de<\/a> ) unterwegs war und wir bei der Heiligen Hildegard vorbei gekommen sind (eine historische Figur, die ich echt bewundere), sondern weil der Weg abwechslungsreich, gut ausgeschildert und immer gut mit sinnstiftenden Getr\u00e4nken am Wegesrand versorgt ist \ud83d\ude42<\/p>\n<\/div>\n\n\n\n<div class=\"wp-block-column is-layout-flow wp-block-column-is-layout-flow\">\n<figure class=\"wp-block-image size-full\"><img loading=\"lazy\" decoding=\"async\" width=\"700\" height=\"933\" src=\"https:\/\/genusstour50plus.de\/wp-content\/uploads\/2025\/12\/Fass-rotated.jpg\" alt=\"\" class=\"wp-image-1270\" srcset=\"https:\/\/genusstour50plus.de\/wp-content\/uploads\/2025\/12\/Fass-rotated.jpg 700w, https:\/\/genusstour50plus.de\/wp-content\/uploads\/2025\/12\/Fass-225x300.jpg 225w, https:\/\/genusstour50plus.de\/wp-content\/uploads\/2025\/12\/Fass-300x400.jpg 300w\" sizes=\"auto, (max-width: 700px) 100vw, 700px\" \/><\/figure>\n<\/div>\n<\/div>\n\n\n\n<p>Ausblick: Ich habe meine Planung f\u00fcr das n\u00e4chste Jahr schon in weiten Teilen stehen. Gerade gestern bin ich die erste Etappe des Limeserlebnisweges gelaufen. Der wird dann im neuen Jahr fortgef\u00fchrt. Wie oben schon erw\u00e4hnt: Im Februar geht es nochmal nach Venedig, da gibt es noch Ecken, die erkundet werden wollen.<\/p>\n\n\n\n<p>Als exotischer Akzent n\u00e4chstes Jahr: Meine Dresdner Freundin und ich fliegen zu den Victoria F\u00e4llen. Sambia, Simbabwe und Botswana stehen auf den Programm, wenn nix dazwischen kommt. Und auf dem R\u00fcckweg halten wir auch noch in Katar. <\/p>\n\n\n\n<p>Mein Mann und ich fahren im April auf dem Regnitz Radweg entlang (mal kein Wandern) und auch in Luxemburg steht einer der Mullertrails zum Wandern schon fest. <\/p>\n\n\n\n<div class=\"wp-block-columns is-layout-flex wp-container-core-columns-is-layout-9d6595d7 wp-block-columns-is-layout-flex\">\n<div class=\"wp-block-column is-layout-flow wp-block-column-is-layout-flow\"><\/div>\n\n\n\n<div class=\"wp-block-column is-layout-flow wp-block-column-is-layout-flow\"><\/div>\n<\/div>\n\n\n\n<div class=\"wp-block-columns is-layout-flex wp-container-core-columns-is-layout-9d6595d7 wp-block-columns-is-layout-flex\">\n<div class=\"wp-block-column is-layout-flow wp-block-column-is-layout-flow\">\n<figure class=\"wp-block-image size-full\"><img loading=\"lazy\" decoding=\"async\" width=\"700\" height=\"933\" src=\"https:\/\/genusstour50plus.de\/wp-content\/uploads\/2025\/12\/ich-rotated.jpg\" alt=\"\" class=\"wp-image-1271\" srcset=\"https:\/\/genusstour50plus.de\/wp-content\/uploads\/2025\/12\/ich-rotated.jpg 700w, https:\/\/genusstour50plus.de\/wp-content\/uploads\/2025\/12\/ich-225x300.jpg 225w, https:\/\/genusstour50plus.de\/wp-content\/uploads\/2025\/12\/ich-300x400.jpg 300w\" sizes=\"auto, (max-width: 700px) 100vw, 700px\" \/><\/figure>\n<\/div>\n\n\n\n<div class=\"wp-block-column is-layout-flow wp-block-column-is-layout-flow\">\n<p>&#8222;Die gef\u00e4hrlichste Weltanschauung ist die Weltanschauung der Leute, welche die Welt nicht angeschaut haben.&#8220;  Dieser Mann und ich teilen nicht nur das Geburtsdatum, sondern auch den Blick auf die Welt. Und Alexander von Humboldt war ein echter Reisender. In diesem Sinne: Treffen wir uns hier auch im n\u00e4chsten Jahr wieder, um gemeinsam die Welt anzuschauen. <\/p>\n\n\n\n<p>Eure Tamara<\/p>\n<\/div>\n<\/div>\n","protected":false},"excerpt":{"rendered":"<p>Erst einmal: Danke an Alle, die sich die Zeit nehmen und mich auf meinen Wegen begleiten. Vielleicht findet der ein oder die andere ja eine Idee, eine Inspiration f\u00fcr Touren, St\u00e4dte und Besuche in L\u00e4ndern, die sonst nicht so im Fokus stehen. Ganz vielen Dank auch an Julia. Meine Kollegin und Freundin, die meine kreative&#8230;<\/p>\n","protected":false},"author":1,"featured_media":0,"comment_status":"closed","ping_status":"open","sticky":false,"template":"","format":"standard","meta":{"footnotes":""},"categories":[1],"tags":[283,284,282],"class_list":["post-1266","post","type-post","status-publish","format-standard","hentry","category-uncategorized","tag-ausblick","tag-dies-und-das","tag-fazit"],"_links":{"self":[{"href":"https:\/\/genusstour50plus.de\/index.php?rest_route=\/wp\/v2\/posts\/1266","targetHints":{"allow":["GET"]}}],"collection":[{"href":"https:\/\/genusstour50plus.de\/index.php?rest_route=\/wp\/v2\/posts"}],"about":[{"href":"https:\/\/genusstour50plus.de\/index.php?rest_route=\/wp\/v2\/types\/post"}],"author":[{"embeddable":true,"href":"https:\/\/genusstour50plus.de\/index.php?rest_route=\/wp\/v2\/users\/1"}],"replies":[{"embeddable":true,"href":"https:\/\/genusstour50plus.de\/index.php?rest_route=%2Fwp%2Fv2%2Fcomments&post=1266"}],"version-history":[{"count":1,"href":"https:\/\/genusstour50plus.de\/index.php?rest_route=\/wp\/v2\/posts\/1266\/revisions"}],"predecessor-version":[{"id":1272,"href":"https:\/\/genusstour50plus.de\/index.php?rest_route=\/wp\/v2\/posts\/1266\/revisions\/1272"}],"wp:attachment":[{"href":"https:\/\/genusstour50plus.de\/index.php?rest_route=%2Fwp%2Fv2%2Fmedia&parent=1266"}],"wp:term":[{"taxonomy":"category","embeddable":true,"href":"https:\/\/genusstour50plus.de\/index.php?rest_route=%2Fwp%2Fv2%2Fcategories&post=1266"},{"taxonomy":"post_tag","embeddable":true,"href":"https:\/\/genusstour50plus.de\/index.php?rest_route=%2Fwp%2Fv2%2Ftags&post=1266"}],"curies":[{"name":"wp","href":"https:\/\/api.w.org\/{rel}","templated":true}]}}